{"id":903,"date":"2025-04-03T10:06:00","date_gmt":"2025-04-03T10:06:00","guid":{"rendered":"https:\/\/smart-age.eu\/kick-off-event-anvers-2-avril-2025\/"},"modified":"2025-05-22T13:51:01","modified_gmt":"2025-05-22T13:51:01","slug":"kick-off-event-anvers-2-avril-2025","status":"publish","type":"post","link":"https:\/\/smart-age.eu\/fr\/kick-off-event-anvers-2-avril-2025\/","title":{"rendered":"Kick-off Event \u2013 Anvers, 2 Avril 2025"},"content":{"rendered":"\n<p>Le 2 avril 2025, le projet SMART-AGE a \u00e9t\u00e9 officiellement lanc\u00e9 par une r\u00e9union en personne \u00e0 Anvers, en Belgique. Des partenaires de Belgique, de Pologne et d&rsquo;Italie se sont r\u00e9unis pour nouer des liens, discuter d&rsquo;objectifs communs et d\u00e9finir les prochaines \u00e9tapes de notre mission, qui consiste \u00e0 cr\u00e9er des environnements urbains plus accessibles et plus inclusifs pour les personnes \u00e2g\u00e9es. <\/p>\n","protected":false},"excerpt":{"rendered":"<p>Le 2 avril 2025, le projet SMART-AGE a \u00e9t\u00e9 officiellement lanc\u00e9 par une r\u00e9union en personne \u00e0 Anvers, en Belgique. Des partenaires de Belgique, de Pologne et d&rsquo;Italie se sont r\u00e9unis pour nouer des liens, discuter d&rsquo;objectifs communs et d\u00e9finir les prochaines \u00e9tapes de notre mission, qui consiste \u00e0 cr\u00e9er des environnements urbains plus accessibles [&hellip;]<\/p>\n","protected":false},"author":3,"featured_media":897,"comment_status":"open","ping_status":"open","sticky":false,"template":"","format":"standard","meta":{"_et_pb_use_builder":"off","_et_pb_old_content":"","_et_gb_content_width":"","_umich_oidc_access":"","footnotes":""},"categories":[9],"tags":[],"class_list":["post-903","post","type-post","status-publish","format-standard","has-post-thumbnail","hentry","category-non-categorise"],"yoast_head":"<!-- This site is optimized with the Yoast SEO plugin v27.5 - https:\/\/yoast.com\/product\/yoast-seo-wordpress\/ -->\n<title>Kick-off Event \u2013 Anvers, 2 Avril 2025 - SMART-AGE<\/title>\n<meta name=\"robots\" content=\"index, follow, max-snippet:-1, max-image-preview:large, max-video-preview:-1\" \/>\n<link rel=\"canonical\" href=\"https:\/\/smart-age.eu\/fr\/kick-off-event-anvers-2-avril-2025\/\" \/>\n<meta property=\"og:locale\" content=\"fr_FR\" \/>\n<meta property=\"og:type\" content=\"article\" \/>\n<meta property=\"og:title\" content=\"Kick-off Event \u2013 Anvers, 2 Avril 2025 - SMART-AGE\" \/>\n<meta property=\"og:description\" content=\"Le 2 avril 2025, le projet SMART-AGE a \u00e9t\u00e9 officiellement lanc\u00e9 par une r\u00e9union en personne \u00e0 Anvers, en Belgique. Des partenaires de Belgique, de Pologne et d&rsquo;Italie se sont r\u00e9unis pour nouer des liens, discuter d&rsquo;objectifs communs et d\u00e9finir les prochaines \u00e9tapes de notre mission, qui consiste \u00e0 cr\u00e9er des environnements urbains plus accessibles [&hellip;]\" \/>\n<meta property=\"og:url\" content=\"https:\/\/smart-age.eu\/fr\/kick-off-event-anvers-2-avril-2025\/\" \/>\n<meta property=\"og:site_name\" content=\"SMART-AGE\" \/>\n<meta property=\"article:published_time\" content=\"2025-04-03T10:06:00+00:00\" \/>\n<meta property=\"article:modified_time\" content=\"2025-05-22T13:51:01+00:00\" \/>\n<meta property=\"og:image\" content=\"https:\/\/smart-age.eu\/wp-content\/uploads\/2025\/02\/image002-1.png\" \/>\n\t<meta property=\"og:image:width\" content=\"710\" \/>\n\t<meta property=\"og:image:height\" content=\"947\" \/>\n\t<meta property=\"og:image:type\" content=\"image\/png\" \/>\n<meta name=\"author\" content=\"Linda Springael\" \/>\n<meta name=\"twitter:card\" content=\"summary_large_image\" \/>\n<meta name=\"twitter:label1\" content=\"\u00c9crit par\" \/>\n\t<meta name=\"twitter:data1\" content=\"Linda Springael\" \/>\n<script type=\"application\/ld+json\" class=\"yoast-schema-graph\">{\"@context\":\"https:\\\/\\\/schema.org\",\"@graph\":[{\"@type\":\"Article\",\"@id\":\"https:\\\/\\\/smart-age.eu\\\/fr\\\/kick-off-event-anvers-2-avril-2025\\\/#article\",\"isPartOf\":{\"@id\":\"https:\\\/\\\/smart-age.eu\\\/fr\\\/kick-off-event-anvers-2-avril-2025\\\/\"},\"author\":{\"name\":\"Linda Springael\",\"@id\":\"https:\\\/\\\/smart-age.eu\\\/#\\\/schema\\\/person\\\/8bace568b56d7d66fe024343b77952c2\"},\"headline\":\"Kick-off Event \u2013 Anvers, 2 Avril 2025\",\"datePublished\":\"2025-04-03T10:06:00+00:00\",\"dateModified\":\"2025-05-22T13:51:01+00:00\",\"mainEntityOfPage\":{\"@id\":\"https:\\\/\\\/smart-age.eu\\\/fr\\\/kick-off-event-anvers-2-avril-2025\\\/\"},\"wordCount\":69,\"commentCount\":0,\"image\":{\"@id\":\"https:\\\/\\\/smart-age.eu\\\/fr\\\/kick-off-event-anvers-2-avril-2025\\\/#primaryimage\"},\"thumbnailUrl\":\"https:\\\/\\\/smart-age.eu\\\/wp-content\\\/uploads\\\/2025\\\/02\\\/image002-1.png\",\"articleSection\":[\"Non cat\u00e9goris\u00e9\"],\"inLanguage\":\"fr-FR\",\"potentialAction\":[{\"@type\":\"CommentAction\",\"name\":\"Comment\",\"target\":[\"https:\\\/\\\/smart-age.eu\\\/fr\\\/kick-off-event-anvers-2-avril-2025\\\/#respond\"]}]},{\"@type\":\"WebPage\",\"@id\":\"https:\\\/\\\/smart-age.eu\\\/fr\\\/kick-off-event-anvers-2-avril-2025\\\/\",\"url\":\"https:\\\/\\\/smart-age.eu\\\/fr\\\/kick-off-event-anvers-2-avril-2025\\\/\",\"name\":\"Kick-off Event \u2013 Anvers, 2 Avril 2025 - SMART-AGE\",\"isPartOf\":{\"@id\":\"https:\\\/\\\/smart-age.eu\\\/#website\"},\"primaryImageOfPage\":{\"@id\":\"https:\\\/\\\/smart-age.eu\\\/fr\\\/kick-off-event-anvers-2-avril-2025\\\/#primaryimage\"},\"image\":{\"@id\":\"https:\\\/\\\/smart-age.eu\\\/fr\\\/kick-off-event-anvers-2-avril-2025\\\/#primaryimage\"},\"thumbnailUrl\":\"https:\\\/\\\/smart-age.eu\\\/wp-content\\\/uploads\\\/2025\\\/02\\\/image002-1.png\",\"datePublished\":\"2025-04-03T10:06:00+00:00\",\"dateModified\":\"2025-05-22T13:51:01+00:00\",\"author\":{\"@id\":\"https:\\\/\\\/smart-age.eu\\\/#\\\/schema\\\/person\\\/8bace568b56d7d66fe024343b77952c2\"},\"breadcrumb\":{\"@id\":\"https:\\\/\\\/smart-age.eu\\\/fr\\\/kick-off-event-anvers-2-avril-2025\\\/#breadcrumb\"},\"inLanguage\":\"fr-FR\",\"potentialAction\":[{\"@type\":\"ReadAction\",\"target\":[\"https:\\\/\\\/smart-age.eu\\\/fr\\\/kick-off-event-anvers-2-avril-2025\\\/\"]}]},{\"@type\":\"ImageObject\",\"inLanguage\":\"fr-FR\",\"@id\":\"https:\\\/\\\/smart-age.eu\\\/fr\\\/kick-off-event-anvers-2-avril-2025\\\/#primaryimage\",\"url\":\"https:\\\/\\\/smart-age.eu\\\/wp-content\\\/uploads\\\/2025\\\/02\\\/image002-1.png\",\"contentUrl\":\"https:\\\/\\\/smart-age.eu\\\/wp-content\\\/uploads\\\/2025\\\/02\\\/image002-1.png\",\"width\":710,\"height\":947},{\"@type\":\"BreadcrumbList\",\"@id\":\"https:\\\/\\\/smart-age.eu\\\/fr\\\/kick-off-event-anvers-2-avril-2025\\\/#breadcrumb\",\"itemListElement\":[{\"@type\":\"ListItem\",\"position\":1,\"name\":\"Home\",\"item\":\"https:\\\/\\\/smart-age.eu\\\/fr\\\/home\\\/\"},{\"@type\":\"ListItem\",\"position\":2,\"name\":\"Kick-off Event \u2013 Anvers, 2 Avril 2025\"}]},{\"@type\":\"WebSite\",\"@id\":\"https:\\\/\\\/smart-age.eu\\\/#website\",\"url\":\"https:\\\/\\\/smart-age.eu\\\/\",\"name\":\"SMART-AGE\",\"description\":\"Sustainable Mobility and Accessibility for Resilient Transport in Aging Urban Environments\",\"potentialAction\":[{\"@type\":\"SearchAction\",\"target\":{\"@type\":\"EntryPoint\",\"urlTemplate\":\"https:\\\/\\\/smart-age.eu\\\/?s={search_term_string}\"},\"query-input\":{\"@type\":\"PropertyValueSpecification\",\"valueRequired\":true,\"valueName\":\"search_term_string\"}}],\"inLanguage\":\"fr-FR\"},{\"@type\":\"Person\",\"@id\":\"https:\\\/\\\/smart-age.eu\\\/#\\\/schema\\\/person\\\/8bace568b56d7d66fe024343b77952c2\",\"name\":\"Linda Springael\",\"image\":{\"@type\":\"ImageObject\",\"inLanguage\":\"fr-FR\",\"@id\":\"https:\\\/\\\/secure.gravatar.com\\\/avatar\\\/06da16baaca8ed0683221e6cfa9459f02fefee69ed68e4f7ef59bd4e87659b7f?s=96&d=mm&r=g\",\"url\":\"https:\\\/\\\/secure.gravatar.com\\\/avatar\\\/06da16baaca8ed0683221e6cfa9459f02fefee69ed68e4f7ef59bd4e87659b7f?s=96&d=mm&r=g\",\"contentUrl\":\"https:\\\/\\\/secure.gravatar.com\\\/avatar\\\/06da16baaca8ed0683221e6cfa9459f02fefee69ed68e4f7ef59bd4e87659b7f?s=96&d=mm&r=g\",\"caption\":\"Linda Springael\"},\"url\":\"https:\\\/\\\/smart-age.eu\\\/fr\\\/author\\\/lspringaelad-ua-ac-be\\\/\"}]}<\/script>\n<!-- \/ Yoast SEO plugin. -->","yoast_head_json":{"title":"Kick-off Event \u2013 Anvers, 2 Avril 2025 - SMART-AGE","robots":{"index":"index","follow":"follow","max-snippet":"max-snippet:-1","max-image-preview":"max-image-preview:large","max-video-preview":"max-video-preview:-1"},"canonical":"https:\/\/smart-age.eu\/fr\/kick-off-event-anvers-2-avril-2025\/","og_locale":"fr_FR","og_type":"article","og_title":"Kick-off Event \u2013 Anvers, 2 Avril 2025 - SMART-AGE","og_description":"Le 2 avril 2025, le projet SMART-AGE a \u00e9t\u00e9 officiellement lanc\u00e9 par une r\u00e9union en personne \u00e0 Anvers, en Belgique. Des partenaires de Belgique, de Pologne et d&rsquo;Italie se sont r\u00e9unis pour nouer des liens, discuter d&rsquo;objectifs communs et d\u00e9finir les prochaines \u00e9tapes de notre mission, qui consiste \u00e0 cr\u00e9er des environnements urbains plus accessibles [&hellip;]","og_url":"https:\/\/smart-age.eu\/fr\/kick-off-event-anvers-2-avril-2025\/","og_site_name":"SMART-AGE","article_published_time":"2025-04-03T10:06:00+00:00","article_modified_time":"2025-05-22T13:51:01+00:00","og_image":[{"width":710,"height":947,"url":"https:\/\/smart-age.eu\/wp-content\/uploads\/2025\/02\/image002-1.png","type":"image\/png"}],"author":"Linda Springael","twitter_card":"summary_large_image","twitter_misc":{"\u00c9crit par":"Linda Springael"},"schema":{"@context":"https:\/\/schema.org","@graph":[{"@type":"Article","@id":"https:\/\/smart-age.eu\/fr\/kick-off-event-anvers-2-avril-2025\/#article","isPartOf":{"@id":"https:\/\/smart-age.eu\/fr\/kick-off-event-anvers-2-avril-2025\/"},"author":{"name":"Linda Springael","@id":"https:\/\/smart-age.eu\/#\/schema\/person\/8bace568b56d7d66fe024343b77952c2"},"headline":"Kick-off Event \u2013 Anvers, 2 Avril 2025","datePublished":"2025-04-03T10:06:00+00:00","dateModified":"2025-05-22T13:51:01+00:00","mainEntityOfPage":{"@id":"https:\/\/smart-age.eu\/fr\/kick-off-event-anvers-2-avril-2025\/"},"wordCount":69,"commentCount":0,"image":{"@id":"https:\/\/smart-age.eu\/fr\/kick-off-event-anvers-2-avril-2025\/#primaryimage"},"thumbnailUrl":"https:\/\/smart-age.eu\/wp-content\/uploads\/2025\/02\/image002-1.png","articleSection":["Non cat\u00e9goris\u00e9"],"inLanguage":"fr-FR","potentialAction":[{"@type":"CommentAction","name":"Comment","target":["https:\/\/smart-age.eu\/fr\/kick-off-event-anvers-2-avril-2025\/#respond"]}]},{"@type":"WebPage","@id":"https:\/\/smart-age.eu\/fr\/kick-off-event-anvers-2-avril-2025\/","url":"https:\/\/smart-age.eu\/fr\/kick-off-event-anvers-2-avril-2025\/","name":"Kick-off Event \u2013 Anvers, 2 Avril 2025 - SMART-AGE","isPartOf":{"@id":"https:\/\/smart-age.eu\/#website"},"primaryImageOfPage":{"@id":"https:\/\/smart-age.eu\/fr\/kick-off-event-anvers-2-avril-2025\/#primaryimage"},"image":{"@id":"https:\/\/smart-age.eu\/fr\/kick-off-event-anvers-2-avril-2025\/#primaryimage"},"thumbnailUrl":"https:\/\/smart-age.eu\/wp-content\/uploads\/2025\/02\/image002-1.png","datePublished":"2025-04-03T10:06:00+00:00","dateModified":"2025-05-22T13:51:01+00:00","author":{"@id":"https:\/\/smart-age.eu\/#\/schema\/person\/8bace568b56d7d66fe024343b77952c2"},"breadcrumb":{"@id":"https:\/\/smart-age.eu\/fr\/kick-off-event-anvers-2-avril-2025\/#breadcrumb"},"inLanguage":"fr-FR","potentialAction":[{"@type":"ReadAction","target":["https:\/\/smart-age.eu\/fr\/kick-off-event-anvers-2-avril-2025\/"]}]},{"@type":"ImageObject","inLanguage":"fr-FR","@id":"https:\/\/smart-age.eu\/fr\/kick-off-event-anvers-2-avril-2025\/#primaryimage","url":"https:\/\/smart-age.eu\/wp-content\/uploads\/2025\/02\/image002-1.png","contentUrl":"https:\/\/smart-age.eu\/wp-content\/uploads\/2025\/02\/image002-1.png","width":710,"height":947},{"@type":"BreadcrumbList","@id":"https:\/\/smart-age.eu\/fr\/kick-off-event-anvers-2-avril-2025\/#breadcrumb","itemListElement":[{"@type":"ListItem","position":1,"name":"Home","item":"https:\/\/smart-age.eu\/fr\/home\/"},{"@type":"ListItem","position":2,"name":"Kick-off Event \u2013 Anvers, 2 Avril 2025"}]},{"@type":"WebSite","@id":"https:\/\/smart-age.eu\/#website","url":"https:\/\/smart-age.eu\/","name":"SMART-AGE","description":"Sustainable Mobility and Accessibility for Resilient Transport in Aging Urban Environments","potentialAction":[{"@type":"SearchAction","target":{"@type":"EntryPoint","urlTemplate":"https:\/\/smart-age.eu\/?s={search_term_string}"},"query-input":{"@type":"PropertyValueSpecification","valueRequired":true,"valueName":"search_term_string"}}],"inLanguage":"fr-FR"},{"@type":"Person","@id":"https:\/\/smart-age.eu\/#\/schema\/person\/8bace568b56d7d66fe024343b77952c2","name":"Linda Springael","image":{"@type":"ImageObject","inLanguage":"fr-FR","@id":"https:\/\/secure.gravatar.com\/avatar\/06da16baaca8ed0683221e6cfa9459f02fefee69ed68e4f7ef59bd4e87659b7f?s=96&d=mm&r=g","url":"https:\/\/secure.gravatar.com\/avatar\/06da16baaca8ed0683221e6cfa9459f02fefee69ed68e4f7ef59bd4e87659b7f?s=96&d=mm&r=g","contentUrl":"https:\/\/secure.gravatar.com\/avatar\/06da16baaca8ed0683221e6cfa9459f02fefee69ed68e4f7ef59bd4e87659b7f?s=96&d=mm&r=g","caption":"Linda Springael"},"url":"https:\/\/smart-age.eu\/fr\/author\/lspringaelad-ua-ac-be\/"}]}},"_links":{"self":[{"href":"https:\/\/smart-age.eu\/fr\/wp-json\/wp\/v2\/posts\/903","targetHints":{"allow":["GET"]}}],"collection":[{"href":"https:\/\/smart-age.eu\/fr\/wp-json\/wp\/v2\/posts"}],"about":[{"href":"https:\/\/smart-age.eu\/fr\/wp-json\/wp\/v2\/types\/post"}],"author":[{"embeddable":true,"href":"https:\/\/smart-age.eu\/fr\/wp-json\/wp\/v2\/users\/3"}],"replies":[{"embeddable":true,"href":"https:\/\/smart-age.eu\/fr\/wp-json\/wp\/v2\/comments?post=903"}],"version-history":[{"count":1,"href":"https:\/\/smart-age.eu\/fr\/wp-json\/wp\/v2\/posts\/903\/revisions"}],"predecessor-version":[{"id":904,"href":"https:\/\/smart-age.eu\/fr\/wp-json\/wp\/v2\/posts\/903\/revisions\/904"}],"wp:featuredmedia":[{"embeddable":true,"href":"https:\/\/smart-age.eu\/fr\/wp-json\/wp\/v2\/media\/897"}],"wp:attachment":[{"href":"https:\/\/smart-age.eu\/fr\/wp-json\/wp\/v2\/media?parent=903"}],"wp:term":[{"taxonomy":"category","embeddable":true,"href":"https:\/\/smart-age.eu\/fr\/wp-json\/wp\/v2\/categories?post=903"},{"taxonomy":"post_tag","embeddable":true,"href":"https:\/\/smart-age.eu\/fr\/wp-json\/wp\/v2\/tags?post=903"}],"curies":[{"name":"wp","href":"https:\/\/api.w.org\/{rel}","templated":true}]}}