{"id":356,"date":"2025-04-03T10:06:00","date_gmt":"2025-04-03T10:06:00","guid":{"rendered":"https:\/\/smart-age.eu\/dag-wereld\/"},"modified":"2025-05-22T13:50:11","modified_gmt":"2025-05-22T13:50:11","slug":"dag-wereld","status":"publish","type":"post","link":"https:\/\/smart-age.eu\/nl\/dag-wereld\/","title":{"rendered":"Kick-off Event \u2013 Antwerpen, 2 April 2025"},"content":{"rendered":"\n<p>Op 2 april 2025 ging het SMART-AGE project officieel van start met een fysieke bijeenkomst in Antwerpen, Belgi\u00eb. Partners uit Belgi\u00eb, Polen en Itali\u00eb kwamen samen om contacten te leggen, gezamenlijke doelen te bespreken en de koers uit te zetten voor de volgende stappen in onze missie om meer toegankelijke en inclusieve stedelijke omgevingen te cre\u00ebren voor oudere volwassenen. <\/p>\n","protected":false},"excerpt":{"rendered":"<p>Op 2 april 2025 ging het SMART-AGE project officieel van start met een fysieke bijeenkomst in Antwerpen, Belgi\u00eb. Partners uit Belgi\u00eb, Polen en Itali\u00eb kwamen samen om contacten te leggen, gezamenlijke doelen te bespreken en de koers uit te zetten voor de volgende stappen in onze missie om meer toegankelijke en inclusieve stedelijke omgevingen te [&hellip;]<\/p>\n","protected":false},"author":3,"featured_media":896,"comment_status":"open","ping_status":"open","sticky":false,"template":"","format":"standard","meta":{"_et_pb_use_builder":"off","_et_pb_old_content":"","_et_gb_content_width":"","_umich_oidc_access":"","footnotes":""},"categories":[8],"tags":[],"class_list":["post-356","post","type-post","status-publish","format-standard","has-post-thumbnail","hentry","category-ongecategoriseerd"],"yoast_head":"<!-- This site is optimized with the Yoast SEO plugin v27.5 - https:\/\/yoast.com\/product\/yoast-seo-wordpress\/ -->\n<title>Kick-off Event \u2013 Antwerpen, 2 April 2025 - SMART-AGE<\/title>\n<meta name=\"robots\" content=\"index, follow, max-snippet:-1, max-image-preview:large, max-video-preview:-1\" \/>\n<link rel=\"canonical\" href=\"https:\/\/smart-age.eu\/nl\/dag-wereld\/\" \/>\n<meta property=\"og:locale\" content=\"nl_NL\" \/>\n<meta property=\"og:type\" content=\"article\" \/>\n<meta property=\"og:title\" content=\"Kick-off Event \u2013 Antwerpen, 2 April 2025 - SMART-AGE\" \/>\n<meta property=\"og:description\" content=\"Op 2 april 2025 ging het SMART-AGE project officieel van start met een fysieke bijeenkomst in Antwerpen, Belgi\u00eb. Partners uit Belgi\u00eb, Polen en Itali\u00eb kwamen samen om contacten te leggen, gezamenlijke doelen te bespreken en de koers uit te zetten voor de volgende stappen in onze missie om meer toegankelijke en inclusieve stedelijke omgevingen te [&hellip;]\" \/>\n<meta property=\"og:url\" content=\"https:\/\/smart-age.eu\/nl\/dag-wereld\/\" \/>\n<meta property=\"og:site_name\" content=\"SMART-AGE\" \/>\n<meta property=\"article:published_time\" content=\"2025-04-03T10:06:00+00:00\" \/>\n<meta property=\"article:modified_time\" content=\"2025-05-22T13:50:11+00:00\" \/>\n<meta property=\"og:image\" content=\"https:\/\/smart-age.eu\/wp-content\/uploads\/2025\/02\/image002-1.png\" \/>\n\t<meta property=\"og:image:width\" content=\"710\" \/>\n\t<meta property=\"og:image:height\" content=\"947\" \/>\n\t<meta property=\"og:image:type\" content=\"image\/png\" \/>\n<meta name=\"author\" content=\"Linda Springael\" \/>\n<meta name=\"twitter:card\" content=\"summary_large_image\" \/>\n<meta name=\"twitter:label1\" content=\"Geschreven door\" \/>\n\t<meta name=\"twitter:data1\" content=\"Linda Springael\" \/>\n<script type=\"application\/ld+json\" class=\"yoast-schema-graph\">{\"@context\":\"https:\\\/\\\/schema.org\",\"@graph\":[{\"@type\":\"Article\",\"@id\":\"https:\\\/\\\/smart-age.eu\\\/nl\\\/dag-wereld\\\/#article\",\"isPartOf\":{\"@id\":\"https:\\\/\\\/smart-age.eu\\\/nl\\\/dag-wereld\\\/\"},\"author\":{\"name\":\"Linda Springael\",\"@id\":\"https:\\\/\\\/smart-age.eu\\\/#\\\/schema\\\/person\\\/8bace568b56d7d66fe024343b77952c2\"},\"headline\":\"Kick-off Event \u2013 Antwerpen, 2 April 2025\",\"datePublished\":\"2025-04-03T10:06:00+00:00\",\"dateModified\":\"2025-05-22T13:50:11+00:00\",\"mainEntityOfPage\":{\"@id\":\"https:\\\/\\\/smart-age.eu\\\/nl\\\/dag-wereld\\\/\"},\"wordCount\":62,\"commentCount\":0,\"image\":{\"@id\":\"https:\\\/\\\/smart-age.eu\\\/nl\\\/dag-wereld\\\/#primaryimage\"},\"thumbnailUrl\":\"https:\\\/\\\/smart-age.eu\\\/wp-content\\\/uploads\\\/2025\\\/02\\\/image002-1.png\",\"articleSection\":[\"Ongecategoriseerd\"],\"inLanguage\":\"nl-NL\",\"potentialAction\":[{\"@type\":\"CommentAction\",\"name\":\"Comment\",\"target\":[\"https:\\\/\\\/smart-age.eu\\\/nl\\\/dag-wereld\\\/#respond\"]}]},{\"@type\":\"WebPage\",\"@id\":\"https:\\\/\\\/smart-age.eu\\\/nl\\\/dag-wereld\\\/\",\"url\":\"https:\\\/\\\/smart-age.eu\\\/nl\\\/dag-wereld\\\/\",\"name\":\"Kick-off Event \u2013 Antwerpen, 2 April 2025 - SMART-AGE\",\"isPartOf\":{\"@id\":\"https:\\\/\\\/smart-age.eu\\\/#website\"},\"primaryImageOfPage\":{\"@id\":\"https:\\\/\\\/smart-age.eu\\\/nl\\\/dag-wereld\\\/#primaryimage\"},\"image\":{\"@id\":\"https:\\\/\\\/smart-age.eu\\\/nl\\\/dag-wereld\\\/#primaryimage\"},\"thumbnailUrl\":\"https:\\\/\\\/smart-age.eu\\\/wp-content\\\/uploads\\\/2025\\\/02\\\/image002-1.png\",\"datePublished\":\"2025-04-03T10:06:00+00:00\",\"dateModified\":\"2025-05-22T13:50:11+00:00\",\"author\":{\"@id\":\"https:\\\/\\\/smart-age.eu\\\/#\\\/schema\\\/person\\\/8bace568b56d7d66fe024343b77952c2\"},\"breadcrumb\":{\"@id\":\"https:\\\/\\\/smart-age.eu\\\/nl\\\/dag-wereld\\\/#breadcrumb\"},\"inLanguage\":\"nl-NL\",\"potentialAction\":[{\"@type\":\"ReadAction\",\"target\":[\"https:\\\/\\\/smart-age.eu\\\/nl\\\/dag-wereld\\\/\"]}]},{\"@type\":\"ImageObject\",\"inLanguage\":\"nl-NL\",\"@id\":\"https:\\\/\\\/smart-age.eu\\\/nl\\\/dag-wereld\\\/#primaryimage\",\"url\":\"https:\\\/\\\/smart-age.eu\\\/wp-content\\\/uploads\\\/2025\\\/02\\\/image002-1.png\",\"contentUrl\":\"https:\\\/\\\/smart-age.eu\\\/wp-content\\\/uploads\\\/2025\\\/02\\\/image002-1.png\",\"width\":710,\"height\":947},{\"@type\":\"BreadcrumbList\",\"@id\":\"https:\\\/\\\/smart-age.eu\\\/nl\\\/dag-wereld\\\/#breadcrumb\",\"itemListElement\":[{\"@type\":\"ListItem\",\"position\":1,\"name\":\"Home\",\"item\":\"https:\\\/\\\/smart-age.eu\\\/nl\\\/home\\\/\"},{\"@type\":\"ListItem\",\"position\":2,\"name\":\"Kick-off Event \u2013 Antwerpen, 2 April 2025\"}]},{\"@type\":\"WebSite\",\"@id\":\"https:\\\/\\\/smart-age.eu\\\/#website\",\"url\":\"https:\\\/\\\/smart-age.eu\\\/\",\"name\":\"SMART-AGE\",\"description\":\"Sustainable Mobility and Accessibility for Resilient Transport in Aging Urban Environments\",\"potentialAction\":[{\"@type\":\"SearchAction\",\"target\":{\"@type\":\"EntryPoint\",\"urlTemplate\":\"https:\\\/\\\/smart-age.eu\\\/?s={search_term_string}\"},\"query-input\":{\"@type\":\"PropertyValueSpecification\",\"valueRequired\":true,\"valueName\":\"search_term_string\"}}],\"inLanguage\":\"nl-NL\"},{\"@type\":\"Person\",\"@id\":\"https:\\\/\\\/smart-age.eu\\\/#\\\/schema\\\/person\\\/8bace568b56d7d66fe024343b77952c2\",\"name\":\"Linda Springael\",\"image\":{\"@type\":\"ImageObject\",\"inLanguage\":\"nl-NL\",\"@id\":\"https:\\\/\\\/secure.gravatar.com\\\/avatar\\\/06da16baaca8ed0683221e6cfa9459f02fefee69ed68e4f7ef59bd4e87659b7f?s=96&d=mm&r=g\",\"url\":\"https:\\\/\\\/secure.gravatar.com\\\/avatar\\\/06da16baaca8ed0683221e6cfa9459f02fefee69ed68e4f7ef59bd4e87659b7f?s=96&d=mm&r=g\",\"contentUrl\":\"https:\\\/\\\/secure.gravatar.com\\\/avatar\\\/06da16baaca8ed0683221e6cfa9459f02fefee69ed68e4f7ef59bd4e87659b7f?s=96&d=mm&r=g\",\"caption\":\"Linda Springael\"},\"url\":\"https:\\\/\\\/smart-age.eu\\\/nl\\\/author\\\/lspringaelad-ua-ac-be\\\/\"}]}<\/script>\n<!-- \/ Yoast SEO plugin. -->","yoast_head_json":{"title":"Kick-off Event \u2013 Antwerpen, 2 April 2025 - SMART-AGE","robots":{"index":"index","follow":"follow","max-snippet":"max-snippet:-1","max-image-preview":"max-image-preview:large","max-video-preview":"max-video-preview:-1"},"canonical":"https:\/\/smart-age.eu\/nl\/dag-wereld\/","og_locale":"nl_NL","og_type":"article","og_title":"Kick-off Event \u2013 Antwerpen, 2 April 2025 - SMART-AGE","og_description":"Op 2 april 2025 ging het SMART-AGE project officieel van start met een fysieke bijeenkomst in Antwerpen, Belgi\u00eb. Partners uit Belgi\u00eb, Polen en Itali\u00eb kwamen samen om contacten te leggen, gezamenlijke doelen te bespreken en de koers uit te zetten voor de volgende stappen in onze missie om meer toegankelijke en inclusieve stedelijke omgevingen te [&hellip;]","og_url":"https:\/\/smart-age.eu\/nl\/dag-wereld\/","og_site_name":"SMART-AGE","article_published_time":"2025-04-03T10:06:00+00:00","article_modified_time":"2025-05-22T13:50:11+00:00","og_image":[{"width":710,"height":947,"url":"https:\/\/smart-age.eu\/wp-content\/uploads\/2025\/02\/image002-1.png","type":"image\/png"}],"author":"Linda Springael","twitter_card":"summary_large_image","twitter_misc":{"Geschreven door":"Linda Springael"},"schema":{"@context":"https:\/\/schema.org","@graph":[{"@type":"Article","@id":"https:\/\/smart-age.eu\/nl\/dag-wereld\/#article","isPartOf":{"@id":"https:\/\/smart-age.eu\/nl\/dag-wereld\/"},"author":{"name":"Linda Springael","@id":"https:\/\/smart-age.eu\/#\/schema\/person\/8bace568b56d7d66fe024343b77952c2"},"headline":"Kick-off Event \u2013 Antwerpen, 2 April 2025","datePublished":"2025-04-03T10:06:00+00:00","dateModified":"2025-05-22T13:50:11+00:00","mainEntityOfPage":{"@id":"https:\/\/smart-age.eu\/nl\/dag-wereld\/"},"wordCount":62,"commentCount":0,"image":{"@id":"https:\/\/smart-age.eu\/nl\/dag-wereld\/#primaryimage"},"thumbnailUrl":"https:\/\/smart-age.eu\/wp-content\/uploads\/2025\/02\/image002-1.png","articleSection":["Ongecategoriseerd"],"inLanguage":"nl-NL","potentialAction":[{"@type":"CommentAction","name":"Comment","target":["https:\/\/smart-age.eu\/nl\/dag-wereld\/#respond"]}]},{"@type":"WebPage","@id":"https:\/\/smart-age.eu\/nl\/dag-wereld\/","url":"https:\/\/smart-age.eu\/nl\/dag-wereld\/","name":"Kick-off Event \u2013 Antwerpen, 2 April 2025 - SMART-AGE","isPartOf":{"@id":"https:\/\/smart-age.eu\/#website"},"primaryImageOfPage":{"@id":"https:\/\/smart-age.eu\/nl\/dag-wereld\/#primaryimage"},"image":{"@id":"https:\/\/smart-age.eu\/nl\/dag-wereld\/#primaryimage"},"thumbnailUrl":"https:\/\/smart-age.eu\/wp-content\/uploads\/2025\/02\/image002-1.png","datePublished":"2025-04-03T10:06:00+00:00","dateModified":"2025-05-22T13:50:11+00:00","author":{"@id":"https:\/\/smart-age.eu\/#\/schema\/person\/8bace568b56d7d66fe024343b77952c2"},"breadcrumb":{"@id":"https:\/\/smart-age.eu\/nl\/dag-wereld\/#breadcrumb"},"inLanguage":"nl-NL","potentialAction":[{"@type":"ReadAction","target":["https:\/\/smart-age.eu\/nl\/dag-wereld\/"]}]},{"@type":"ImageObject","inLanguage":"nl-NL","@id":"https:\/\/smart-age.eu\/nl\/dag-wereld\/#primaryimage","url":"https:\/\/smart-age.eu\/wp-content\/uploads\/2025\/02\/image002-1.png","contentUrl":"https:\/\/smart-age.eu\/wp-content\/uploads\/2025\/02\/image002-1.png","width":710,"height":947},{"@type":"BreadcrumbList","@id":"https:\/\/smart-age.eu\/nl\/dag-wereld\/#breadcrumb","itemListElement":[{"@type":"ListItem","position":1,"name":"Home","item":"https:\/\/smart-age.eu\/nl\/home\/"},{"@type":"ListItem","position":2,"name":"Kick-off Event \u2013 Antwerpen, 2 April 2025"}]},{"@type":"WebSite","@id":"https:\/\/smart-age.eu\/#website","url":"https:\/\/smart-age.eu\/","name":"SMART-AGE","description":"Sustainable Mobility and Accessibility for Resilient Transport in Aging Urban Environments","potentialAction":[{"@type":"SearchAction","target":{"@type":"EntryPoint","urlTemplate":"https:\/\/smart-age.eu\/?s={search_term_string}"},"query-input":{"@type":"PropertyValueSpecification","valueRequired":true,"valueName":"search_term_string"}}],"inLanguage":"nl-NL"},{"@type":"Person","@id":"https:\/\/smart-age.eu\/#\/schema\/person\/8bace568b56d7d66fe024343b77952c2","name":"Linda Springael","image":{"@type":"ImageObject","inLanguage":"nl-NL","@id":"https:\/\/secure.gravatar.com\/avatar\/06da16baaca8ed0683221e6cfa9459f02fefee69ed68e4f7ef59bd4e87659b7f?s=96&d=mm&r=g","url":"https:\/\/secure.gravatar.com\/avatar\/06da16baaca8ed0683221e6cfa9459f02fefee69ed68e4f7ef59bd4e87659b7f?s=96&d=mm&r=g","contentUrl":"https:\/\/secure.gravatar.com\/avatar\/06da16baaca8ed0683221e6cfa9459f02fefee69ed68e4f7ef59bd4e87659b7f?s=96&d=mm&r=g","caption":"Linda Springael"},"url":"https:\/\/smart-age.eu\/nl\/author\/lspringaelad-ua-ac-be\/"}]}},"_links":{"self":[{"href":"https:\/\/smart-age.eu\/nl\/wp-json\/wp\/v2\/posts\/356","targetHints":{"allow":["GET"]}}],"collection":[{"href":"https:\/\/smart-age.eu\/nl\/wp-json\/wp\/v2\/posts"}],"about":[{"href":"https:\/\/smart-age.eu\/nl\/wp-json\/wp\/v2\/types\/post"}],"author":[{"embeddable":true,"href":"https:\/\/smart-age.eu\/nl\/wp-json\/wp\/v2\/users\/3"}],"replies":[{"embeddable":true,"href":"https:\/\/smart-age.eu\/nl\/wp-json\/wp\/v2\/comments?post=356"}],"version-history":[{"count":5,"href":"https:\/\/smart-age.eu\/nl\/wp-json\/wp\/v2\/posts\/356\/revisions"}],"predecessor-version":[{"id":902,"href":"https:\/\/smart-age.eu\/nl\/wp-json\/wp\/v2\/posts\/356\/revisions\/902"}],"wp:featuredmedia":[{"embeddable":true,"href":"https:\/\/smart-age.eu\/nl\/wp-json\/wp\/v2\/media\/896"}],"wp:attachment":[{"href":"https:\/\/smart-age.eu\/nl\/wp-json\/wp\/v2\/media?parent=356"}],"wp:term":[{"taxonomy":"category","embeddable":true,"href":"https:\/\/smart-age.eu\/nl\/wp-json\/wp\/v2\/categories?post=356"},{"taxonomy":"post_tag","embeddable":true,"href":"https:\/\/smart-age.eu\/nl\/wp-json\/wp\/v2\/tags?post=356"}],"curies":[{"name":"wp","href":"https:\/\/api.w.org\/{rel}","templated":true}]}}