{"id":907,"date":"2025-04-03T10:06:00","date_gmt":"2025-04-03T10:06:00","guid":{"rendered":"https:\/\/smart-age.eu\/wydarzenie-inauguracyjne-antwerpia-2-kwietnia-2025-r\/"},"modified":"2025-05-22T13:52:57","modified_gmt":"2025-05-22T13:52:57","slug":"wydarzenie-inauguracyjne-antwerpia-2-kwietnia-2025-r","status":"publish","type":"post","link":"https:\/\/smart-age.eu\/pl\/wydarzenie-inauguracyjne-antwerpia-2-kwietnia-2025-r\/","title":{"rendered":"Wydarzenie inauguracyjne &#8211; Antwerpia, 2 kwietnia 2025 r."},"content":{"rendered":"\n<p>W dniu 2 kwietnia 2025 r. projekt SMART-AGE oficjalnie rozpocz\u0105\u0142 si\u0119 osobistym spotkaniem w Antwerpii w Belgii. Partnerzy z Belgii, Polski i W\u0142och zebrali si\u0119, aby nawi\u0105za\u0107 kontakt, om\u00f3wi\u0107 wsp\u00f3lne cele i wyznaczy\u0107 kurs na kolejne kroki w naszej misji tworzenia bardziej dost\u0119pnych i integracyjnych \u015brodowisk miejskich dla os\u00f3b starszych. <\/p>\n","protected":false},"excerpt":{"rendered":"<p>W dniu 2 kwietnia 2025 r. projekt SMART-AGE oficjalnie rozpocz\u0105\u0142 si\u0119 osobistym spotkaniem w Antwerpii w Belgii. Partnerzy z Belgii, Polski i W\u0142och zebrali si\u0119, aby nawi\u0105za\u0107 kontakt, om\u00f3wi\u0107 wsp\u00f3lne cele i wyznaczy\u0107 kurs na kolejne kroki w naszej misji tworzenia bardziej dost\u0119pnych i integracyjnych \u015brodowisk miejskich dla os\u00f3b starszych.<\/p>\n","protected":false},"author":3,"featured_media":899,"comment_status":"open","ping_status":"open","sticky":false,"template":"","format":"standard","meta":{"_et_pb_use_builder":"off","_et_pb_old_content":"","_et_gb_content_width":"","_umich_oidc_access":"","footnotes":""},"categories":[11],"tags":[],"class_list":["post-907","post","type-post","status-publish","format-standard","has-post-thumbnail","hentry","category-bez-kategorii"],"yoast_head":"<!-- This site is optimized with the Yoast SEO plugin v27.5 - https:\/\/yoast.com\/product\/yoast-seo-wordpress\/ -->\n<title>Wydarzenie inauguracyjne - Antwerpia, 2 kwietnia 2025 r. - SMART-AGE<\/title>\n<meta name=\"robots\" content=\"index, follow, max-snippet:-1, max-image-preview:large, max-video-preview:-1\" \/>\n<link rel=\"canonical\" href=\"https:\/\/smart-age.eu\/pl\/wydarzenie-inauguracyjne-antwerpia-2-kwietnia-2025-r\/\" \/>\n<meta property=\"og:locale\" content=\"pl_PL\" \/>\n<meta property=\"og:type\" content=\"article\" \/>\n<meta property=\"og:title\" content=\"Wydarzenie inauguracyjne - Antwerpia, 2 kwietnia 2025 r. - SMART-AGE\" \/>\n<meta property=\"og:description\" content=\"W dniu 2 kwietnia 2025 r. projekt SMART-AGE oficjalnie rozpocz\u0105\u0142 si\u0119 osobistym spotkaniem w Antwerpii w Belgii. Partnerzy z Belgii, Polski i W\u0142och zebrali si\u0119, aby nawi\u0105za\u0107 kontakt, om\u00f3wi\u0107 wsp\u00f3lne cele i wyznaczy\u0107 kurs na kolejne kroki w naszej misji tworzenia bardziej dost\u0119pnych i integracyjnych \u015brodowisk miejskich dla os\u00f3b starszych.\" \/>\n<meta property=\"og:url\" content=\"https:\/\/smart-age.eu\/pl\/wydarzenie-inauguracyjne-antwerpia-2-kwietnia-2025-r\/\" \/>\n<meta property=\"og:site_name\" content=\"SMART-AGE\" \/>\n<meta property=\"article:published_time\" content=\"2025-04-03T10:06:00+00:00\" \/>\n<meta property=\"article:modified_time\" content=\"2025-05-22T13:52:57+00:00\" \/>\n<meta property=\"og:image\" content=\"https:\/\/smart-age.eu\/wp-content\/uploads\/2025\/02\/image002-1.png\" \/>\n\t<meta property=\"og:image:width\" content=\"710\" \/>\n\t<meta property=\"og:image:height\" content=\"947\" \/>\n\t<meta property=\"og:image:type\" content=\"image\/png\" \/>\n<meta name=\"author\" content=\"Linda Springael\" \/>\n<meta name=\"twitter:card\" content=\"summary_large_image\" \/>\n<meta name=\"twitter:label1\" content=\"Napisane przez\" \/>\n\t<meta name=\"twitter:data1\" content=\"Linda Springael\" \/>\n<script type=\"application\/ld+json\" class=\"yoast-schema-graph\">{\"@context\":\"https:\\\/\\\/schema.org\",\"@graph\":[{\"@type\":\"Article\",\"@id\":\"https:\\\/\\\/smart-age.eu\\\/pl\\\/wydarzenie-inauguracyjne-antwerpia-2-kwietnia-2025-r\\\/#article\",\"isPartOf\":{\"@id\":\"https:\\\/\\\/smart-age.eu\\\/pl\\\/wydarzenie-inauguracyjne-antwerpia-2-kwietnia-2025-r\\\/\"},\"author\":{\"name\":\"Linda Springael\",\"@id\":\"https:\\\/\\\/smart-age.eu\\\/#\\\/schema\\\/person\\\/8bace568b56d7d66fe024343b77952c2\"},\"headline\":\"Wydarzenie inauguracyjne &#8211; Antwerpia, 2 kwietnia 2025 r.\",\"datePublished\":\"2025-04-03T10:06:00+00:00\",\"dateModified\":\"2025-05-22T13:52:57+00:00\",\"mainEntityOfPage\":{\"@id\":\"https:\\\/\\\/smart-age.eu\\\/pl\\\/wydarzenie-inauguracyjne-antwerpia-2-kwietnia-2025-r\\\/\"},\"wordCount\":60,\"commentCount\":0,\"image\":{\"@id\":\"https:\\\/\\\/smart-age.eu\\\/pl\\\/wydarzenie-inauguracyjne-antwerpia-2-kwietnia-2025-r\\\/#primaryimage\"},\"thumbnailUrl\":\"https:\\\/\\\/smart-age.eu\\\/wp-content\\\/uploads\\\/2025\\\/02\\\/image002-1.png\",\"inLanguage\":\"pl-PL\",\"potentialAction\":[{\"@type\":\"CommentAction\",\"name\":\"Comment\",\"target\":[\"https:\\\/\\\/smart-age.eu\\\/pl\\\/wydarzenie-inauguracyjne-antwerpia-2-kwietnia-2025-r\\\/#respond\"]}]},{\"@type\":\"WebPage\",\"@id\":\"https:\\\/\\\/smart-age.eu\\\/pl\\\/wydarzenie-inauguracyjne-antwerpia-2-kwietnia-2025-r\\\/\",\"url\":\"https:\\\/\\\/smart-age.eu\\\/pl\\\/wydarzenie-inauguracyjne-antwerpia-2-kwietnia-2025-r\\\/\",\"name\":\"Wydarzenie inauguracyjne - Antwerpia, 2 kwietnia 2025 r. - SMART-AGE\",\"isPartOf\":{\"@id\":\"https:\\\/\\\/smart-age.eu\\\/#website\"},\"primaryImageOfPage\":{\"@id\":\"https:\\\/\\\/smart-age.eu\\\/pl\\\/wydarzenie-inauguracyjne-antwerpia-2-kwietnia-2025-r\\\/#primaryimage\"},\"image\":{\"@id\":\"https:\\\/\\\/smart-age.eu\\\/pl\\\/wydarzenie-inauguracyjne-antwerpia-2-kwietnia-2025-r\\\/#primaryimage\"},\"thumbnailUrl\":\"https:\\\/\\\/smart-age.eu\\\/wp-content\\\/uploads\\\/2025\\\/02\\\/image002-1.png\",\"datePublished\":\"2025-04-03T10:06:00+00:00\",\"dateModified\":\"2025-05-22T13:52:57+00:00\",\"author\":{\"@id\":\"https:\\\/\\\/smart-age.eu\\\/#\\\/schema\\\/person\\\/8bace568b56d7d66fe024343b77952c2\"},\"breadcrumb\":{\"@id\":\"https:\\\/\\\/smart-age.eu\\\/pl\\\/wydarzenie-inauguracyjne-antwerpia-2-kwietnia-2025-r\\\/#breadcrumb\"},\"inLanguage\":\"pl-PL\",\"potentialAction\":[{\"@type\":\"ReadAction\",\"target\":[\"https:\\\/\\\/smart-age.eu\\\/pl\\\/wydarzenie-inauguracyjne-antwerpia-2-kwietnia-2025-r\\\/\"]}]},{\"@type\":\"ImageObject\",\"inLanguage\":\"pl-PL\",\"@id\":\"https:\\\/\\\/smart-age.eu\\\/pl\\\/wydarzenie-inauguracyjne-antwerpia-2-kwietnia-2025-r\\\/#primaryimage\",\"url\":\"https:\\\/\\\/smart-age.eu\\\/wp-content\\\/uploads\\\/2025\\\/02\\\/image002-1.png\",\"contentUrl\":\"https:\\\/\\\/smart-age.eu\\\/wp-content\\\/uploads\\\/2025\\\/02\\\/image002-1.png\",\"width\":710,\"height\":947},{\"@type\":\"BreadcrumbList\",\"@id\":\"https:\\\/\\\/smart-age.eu\\\/pl\\\/wydarzenie-inauguracyjne-antwerpia-2-kwietnia-2025-r\\\/#breadcrumb\",\"itemListElement\":[{\"@type\":\"ListItem\",\"position\":1,\"name\":\"Home\",\"item\":\"https:\\\/\\\/smart-age.eu\\\/pl\\\/home\\\/\"},{\"@type\":\"ListItem\",\"position\":2,\"name\":\"Wydarzenie inauguracyjne &#8211; Antwerpia, 2 kwietnia 2025 r.\"}]},{\"@type\":\"WebSite\",\"@id\":\"https:\\\/\\\/smart-age.eu\\\/#website\",\"url\":\"https:\\\/\\\/smart-age.eu\\\/\",\"name\":\"SMART-AGE\",\"description\":\"Sustainable Mobility and Accessibility for Resilient Transport in Aging Urban Environments\",\"potentialAction\":[{\"@type\":\"SearchAction\",\"target\":{\"@type\":\"EntryPoint\",\"urlTemplate\":\"https:\\\/\\\/smart-age.eu\\\/?s={search_term_string}\"},\"query-input\":{\"@type\":\"PropertyValueSpecification\",\"valueRequired\":true,\"valueName\":\"search_term_string\"}}],\"inLanguage\":\"pl-PL\"},{\"@type\":\"Person\",\"@id\":\"https:\\\/\\\/smart-age.eu\\\/#\\\/schema\\\/person\\\/8bace568b56d7d66fe024343b77952c2\",\"name\":\"Linda Springael\",\"image\":{\"@type\":\"ImageObject\",\"inLanguage\":\"pl-PL\",\"@id\":\"https:\\\/\\\/secure.gravatar.com\\\/avatar\\\/06da16baaca8ed0683221e6cfa9459f02fefee69ed68e4f7ef59bd4e87659b7f?s=96&d=mm&r=g\",\"url\":\"https:\\\/\\\/secure.gravatar.com\\\/avatar\\\/06da16baaca8ed0683221e6cfa9459f02fefee69ed68e4f7ef59bd4e87659b7f?s=96&d=mm&r=g\",\"contentUrl\":\"https:\\\/\\\/secure.gravatar.com\\\/avatar\\\/06da16baaca8ed0683221e6cfa9459f02fefee69ed68e4f7ef59bd4e87659b7f?s=96&d=mm&r=g\",\"caption\":\"Linda Springael\"},\"url\":\"https:\\\/\\\/smart-age.eu\\\/pl\\\/author\\\/lspringaelad-ua-ac-be\\\/\"}]}<\/script>\n<!-- \/ Yoast SEO plugin. -->","yoast_head_json":{"title":"Wydarzenie inauguracyjne - Antwerpia, 2 kwietnia 2025 r. - SMART-AGE","robots":{"index":"index","follow":"follow","max-snippet":"max-snippet:-1","max-image-preview":"max-image-preview:large","max-video-preview":"max-video-preview:-1"},"canonical":"https:\/\/smart-age.eu\/pl\/wydarzenie-inauguracyjne-antwerpia-2-kwietnia-2025-r\/","og_locale":"pl_PL","og_type":"article","og_title":"Wydarzenie inauguracyjne - Antwerpia, 2 kwietnia 2025 r. - SMART-AGE","og_description":"W dniu 2 kwietnia 2025 r. projekt SMART-AGE oficjalnie rozpocz\u0105\u0142 si\u0119 osobistym spotkaniem w Antwerpii w Belgii. Partnerzy z Belgii, Polski i W\u0142och zebrali si\u0119, aby nawi\u0105za\u0107 kontakt, om\u00f3wi\u0107 wsp\u00f3lne cele i wyznaczy\u0107 kurs na kolejne kroki w naszej misji tworzenia bardziej dost\u0119pnych i integracyjnych \u015brodowisk miejskich dla os\u00f3b starszych.","og_url":"https:\/\/smart-age.eu\/pl\/wydarzenie-inauguracyjne-antwerpia-2-kwietnia-2025-r\/","og_site_name":"SMART-AGE","article_published_time":"2025-04-03T10:06:00+00:00","article_modified_time":"2025-05-22T13:52:57+00:00","og_image":[{"width":710,"height":947,"url":"https:\/\/smart-age.eu\/wp-content\/uploads\/2025\/02\/image002-1.png","type":"image\/png"}],"author":"Linda Springael","twitter_card":"summary_large_image","twitter_misc":{"Napisane przez":"Linda Springael"},"schema":{"@context":"https:\/\/schema.org","@graph":[{"@type":"Article","@id":"https:\/\/smart-age.eu\/pl\/wydarzenie-inauguracyjne-antwerpia-2-kwietnia-2025-r\/#article","isPartOf":{"@id":"https:\/\/smart-age.eu\/pl\/wydarzenie-inauguracyjne-antwerpia-2-kwietnia-2025-r\/"},"author":{"name":"Linda Springael","@id":"https:\/\/smart-age.eu\/#\/schema\/person\/8bace568b56d7d66fe024343b77952c2"},"headline":"Wydarzenie inauguracyjne &#8211; Antwerpia, 2 kwietnia 2025 r.","datePublished":"2025-04-03T10:06:00+00:00","dateModified":"2025-05-22T13:52:57+00:00","mainEntityOfPage":{"@id":"https:\/\/smart-age.eu\/pl\/wydarzenie-inauguracyjne-antwerpia-2-kwietnia-2025-r\/"},"wordCount":60,"commentCount":0,"image":{"@id":"https:\/\/smart-age.eu\/pl\/wydarzenie-inauguracyjne-antwerpia-2-kwietnia-2025-r\/#primaryimage"},"thumbnailUrl":"https:\/\/smart-age.eu\/wp-content\/uploads\/2025\/02\/image002-1.png","inLanguage":"pl-PL","potentialAction":[{"@type":"CommentAction","name":"Comment","target":["https:\/\/smart-age.eu\/pl\/wydarzenie-inauguracyjne-antwerpia-2-kwietnia-2025-r\/#respond"]}]},{"@type":"WebPage","@id":"https:\/\/smart-age.eu\/pl\/wydarzenie-inauguracyjne-antwerpia-2-kwietnia-2025-r\/","url":"https:\/\/smart-age.eu\/pl\/wydarzenie-inauguracyjne-antwerpia-2-kwietnia-2025-r\/","name":"Wydarzenie inauguracyjne - Antwerpia, 2 kwietnia 2025 r. - SMART-AGE","isPartOf":{"@id":"https:\/\/smart-age.eu\/#website"},"primaryImageOfPage":{"@id":"https:\/\/smart-age.eu\/pl\/wydarzenie-inauguracyjne-antwerpia-2-kwietnia-2025-r\/#primaryimage"},"image":{"@id":"https:\/\/smart-age.eu\/pl\/wydarzenie-inauguracyjne-antwerpia-2-kwietnia-2025-r\/#primaryimage"},"thumbnailUrl":"https:\/\/smart-age.eu\/wp-content\/uploads\/2025\/02\/image002-1.png","datePublished":"2025-04-03T10:06:00+00:00","dateModified":"2025-05-22T13:52:57+00:00","author":{"@id":"https:\/\/smart-age.eu\/#\/schema\/person\/8bace568b56d7d66fe024343b77952c2"},"breadcrumb":{"@id":"https:\/\/smart-age.eu\/pl\/wydarzenie-inauguracyjne-antwerpia-2-kwietnia-2025-r\/#breadcrumb"},"inLanguage":"pl-PL","potentialAction":[{"@type":"ReadAction","target":["https:\/\/smart-age.eu\/pl\/wydarzenie-inauguracyjne-antwerpia-2-kwietnia-2025-r\/"]}]},{"@type":"ImageObject","inLanguage":"pl-PL","@id":"https:\/\/smart-age.eu\/pl\/wydarzenie-inauguracyjne-antwerpia-2-kwietnia-2025-r\/#primaryimage","url":"https:\/\/smart-age.eu\/wp-content\/uploads\/2025\/02\/image002-1.png","contentUrl":"https:\/\/smart-age.eu\/wp-content\/uploads\/2025\/02\/image002-1.png","width":710,"height":947},{"@type":"BreadcrumbList","@id":"https:\/\/smart-age.eu\/pl\/wydarzenie-inauguracyjne-antwerpia-2-kwietnia-2025-r\/#breadcrumb","itemListElement":[{"@type":"ListItem","position":1,"name":"Home","item":"https:\/\/smart-age.eu\/pl\/home\/"},{"@type":"ListItem","position":2,"name":"Wydarzenie inauguracyjne &#8211; Antwerpia, 2 kwietnia 2025 r."}]},{"@type":"WebSite","@id":"https:\/\/smart-age.eu\/#website","url":"https:\/\/smart-age.eu\/","name":"SMART-AGE","description":"Sustainable Mobility and Accessibility for Resilient Transport in Aging Urban Environments","potentialAction":[{"@type":"SearchAction","target":{"@type":"EntryPoint","urlTemplate":"https:\/\/smart-age.eu\/?s={search_term_string}"},"query-input":{"@type":"PropertyValueSpecification","valueRequired":true,"valueName":"search_term_string"}}],"inLanguage":"pl-PL"},{"@type":"Person","@id":"https:\/\/smart-age.eu\/#\/schema\/person\/8bace568b56d7d66fe024343b77952c2","name":"Linda Springael","image":{"@type":"ImageObject","inLanguage":"pl-PL","@id":"https:\/\/secure.gravatar.com\/avatar\/06da16baaca8ed0683221e6cfa9459f02fefee69ed68e4f7ef59bd4e87659b7f?s=96&d=mm&r=g","url":"https:\/\/secure.gravatar.com\/avatar\/06da16baaca8ed0683221e6cfa9459f02fefee69ed68e4f7ef59bd4e87659b7f?s=96&d=mm&r=g","contentUrl":"https:\/\/secure.gravatar.com\/avatar\/06da16baaca8ed0683221e6cfa9459f02fefee69ed68e4f7ef59bd4e87659b7f?s=96&d=mm&r=g","caption":"Linda Springael"},"url":"https:\/\/smart-age.eu\/pl\/author\/lspringaelad-ua-ac-be\/"}]}},"_links":{"self":[{"href":"https:\/\/smart-age.eu\/pl\/wp-json\/wp\/v2\/posts\/907","targetHints":{"allow":["GET"]}}],"collection":[{"href":"https:\/\/smart-age.eu\/pl\/wp-json\/wp\/v2\/posts"}],"about":[{"href":"https:\/\/smart-age.eu\/pl\/wp-json\/wp\/v2\/types\/post"}],"author":[{"embeddable":true,"href":"https:\/\/smart-age.eu\/pl\/wp-json\/wp\/v2\/users\/3"}],"replies":[{"embeddable":true,"href":"https:\/\/smart-age.eu\/pl\/wp-json\/wp\/v2\/comments?post=907"}],"version-history":[{"count":1,"href":"https:\/\/smart-age.eu\/pl\/wp-json\/wp\/v2\/posts\/907\/revisions"}],"predecessor-version":[{"id":908,"href":"https:\/\/smart-age.eu\/pl\/wp-json\/wp\/v2\/posts\/907\/revisions\/908"}],"wp:featuredmedia":[{"embeddable":true,"href":"https:\/\/smart-age.eu\/pl\/wp-json\/wp\/v2\/media\/899"}],"wp:attachment":[{"href":"https:\/\/smart-age.eu\/pl\/wp-json\/wp\/v2\/media?parent=907"}],"wp:term":[{"taxonomy":"category","embeddable":true,"href":"https:\/\/smart-age.eu\/pl\/wp-json\/wp\/v2\/categories?post=907"},{"taxonomy":"post_tag","embeddable":true,"href":"https:\/\/smart-age.eu\/pl\/wp-json\/wp\/v2\/tags?post=907"}],"curies":[{"name":"wp","href":"https:\/\/api.w.org\/{rel}","templated":true}]}}